{"id":2503,"date":"2026-04-30T09:31:33","date_gmt":"2026-04-30T08:31:33","guid":{"rendered":"https:\/\/fundacioguru.cat\/?p=2503"},"modified":"2026-05-11T17:39:57","modified_gmt":"2026-05-11T16:39:57","slug":"autisme-guru-referente-en-la-atencion-al-autismo-de-alta-complejidad","status":"publish","type":"post","link":"https:\/\/fundacioguru.cat\/es\/autisme-guru-referente-en-la-atencion-al-autismo-de-alta-complejidad\/","title":{"rendered":"Autisme GURU, referente en la atenci\u00f3n al autismo de alta complejidad"},"content":{"rendered":"<p>[et_pb_section fb_built=\u00bb1&#8243; custom_padding_last_edited=\u00bbon|tablet\u00bb admin_label=\u00bbHeader\u00bb _builder_version=\u00bb4.22.2&#8243; _module_preset=\u00bbdefault\u00bb background_image=\u00bbhttps:\/\/fundacioguru.cat\/wp-content\/uploads\/2025\/11\/family-doctor-008.png\u00bb custom_padding=\u00bb200px|||100px||\u00bb custom_padding_tablet=\u00bb50px|||0px|false|false\u00bb custom_padding_phone=\u00bb\u00bb locked=\u00bboff\u00bb global_colors_info=\u00bb{}\u00bb][et_pb_row column_structure=\u00bb1_2,1_2&#8243; custom_padding_last_edited=\u00bbon|phone\u00bb _builder_version=\u00bb4.22.2&#8243; _module_preset=\u00bbdefault\u00bb background_color=\u00bb#fce497&#8243; overflow-x=\u00bbvisible\u00bb overflow-y=\u00bbvisible\u00bb custom_padding=\u00bb80px|80px|80px||true|false\u00bb custom_padding_tablet=\u00bb40px|40px|40px|40px|true|true\u00bb custom_padding_phone=\u00bb20px|20px|20px|20px|true|true\u00bb border_radii=\u00bboff|130px||130px|\u00bb border_radii_tablet=\u00bboff|60px||60px|\u00bb border_radii_phone=\u00bboff|30px||30px|\u00bb border_radii_last_edited=\u00bbon|phone\u00bb global_colors_info=\u00bb{}\u00bb][et_pb_column type=\u00bb1_2&#8243; _builder_version=\u00bb4.22.2&#8243; _module_preset=\u00bbdefault\u00bb global_colors_info=\u00bb{}\u00bb][et_pb_text _builder_version=\u00bb4.22.2&#8243; _dynamic_attributes=\u00bbcontent\u00bb _module_preset=\u00bbdefault\u00bb text_font=\u00bbProza Libre||||||||\u00bb header_font=\u00bbProza Libre|600|||||||\u00bb header_text_color=\u00bb#005450&#8243; header_font_size=\u00bb70px\u00bb header_line_height=\u00bb1.2em\u00bb custom_margin=\u00bb|-100px||-100px||true\u00bb custom_margin_tablet=\u00bb|0px||0px|false|false\u00bb custom_margin_phone=\u00bb\u00bb custom_margin_last_edited=\u00bbon|tablet\u00bb custom_padding=\u00bb|70px||70px|false|true\u00bb custom_padding_tablet=\u00bb|10px||10px|false|true\u00bb custom_padding_phone=\u00bb|10px||10px|false|true\u00bb custom_padding_last_edited=\u00bbon|tablet\u00bb header_font_size_tablet=\u00bb40px\u00bb header_font_size_phone=\u00bb24px\u00bb header_font_size_last_edited=\u00bbon|phone\u00bb global_colors_info=\u00bb{}\u00bb]@ET-DC@eyJkeW5hbWljIjp0cnVlLCJjb250ZW50IjoicG9zdF90aXRsZSIsInNldHRpbmdzIjp7ImJlZm9yZSI6IjxoMT4iLCJhZnRlciI6IjwvaDE+In19@[\/et_pb_text][et_pb_blurb use_icon=\u00bbon\u00bb icon_color=\u00bb#2e987d\u00bb image_icon_background_color=\u00bbrgba(0,0,0,0)\u00bb image_icon_width=\u00bb22px\u00bb _builder_version=\u00bb4.22.2&#8243; _module_preset=\u00bbdefault\u00bb image_icon_custom_padding=\u00bb25px|25px|25px|25px|false|false\u00bb custom_margin=\u00bb30px|||-45px|false|false\u00bb custom_margin_tablet=\u00bb|||0px|false|false\u00bb custom_margin_phone=\u00bb\u00bb custom_margin_last_edited=\u00bbon|phone\u00bb link_option_url=\u00bb#content\u00bb border_radii_image=\u00bbon|100%|100%|100%|100%\u00bb border_width_all_image=\u00bb3px\u00bb border_color_all_image=\u00bb#2e987d\u00bb icon_font_size=\u00bb32px\u00bb use_circle=\u00bbon\u00bb use_circle_border=\u00bbon\u00bb circle_border_color=\u00bb#2e987d\u00bb circle_border_color__hover=\u00bb\u00bb circle_border_color__hover_enabled=\u00bbon|hover\u00bb circle_color=\u00bbrgba(0,0,0,0)\u00bb circle_color__hover=\u00bb#2e987d\u00bb circle_color__hover_enabled=\u00bbon|hover\u00bb locked=\u00bboff\u00bb global_colors_info=\u00bb{}\u00bb icon_color__hover_enabled=\u00bbon|desktop\u00bb icon_color__hover=\u00bb#f4e1de\u00bb border_color_all_image__hover_enabled=\u00bbon|hover\u00bb image_icon_background_color__hover=\u00bb#2e987d\u00bb image_icon_background_color__hover_enabled=\u00bbon|hover\u00bb image_icon_background_color__sticky_enabled=\u00bb#2ea3f2&#8243; image_icon_background_color__sticky=\u00bb#2ea3f2&#8243; border_color_all_image__hover=\u00bb#2e987d\u00bb][\/et_pb_blurb][\/et_pb_column][et_pb_column type=\u00bb1_2&#8243; _builder_version=\u00bb4.16&#8243; _module_preset=\u00bbdefault\u00bb global_colors_info=\u00bb{}\u00bb][et_pb_text _builder_version=\u00bb4.16&#8243; _dynamic_attributes=\u00bbbackground_image\u00bb _module_preset=\u00bbdefault\u00bb background_image=\u00bb@ET-DC@eyJkeW5hbWljIjp0cnVlLCJjb250ZW50IjoicG9zdF9mZWF0dXJlZF9pbWFnZSIsInNldHRpbmdzIjp7fX0=@\u00bb custom_margin=\u00bb-179px|||||\u00bb custom_margin_tablet=\u00bb0px||||false|false\u00bb custom_margin_phone=\u00bb\u00bb custom_margin_last_edited=\u00bbon|phone\u00bb custom_padding=\u00bb300px||300px||true|false\u00bb custom_padding_tablet=\u00bb150px||150px||true|false\u00bb custom_padding_phone=\u00bb80px||80px||true|false\u00bb custom_padding_last_edited=\u00bbon|phone\u00bb border_radii=\u00bboff|100px||100px|\u00bb border_radii_tablet=\u00bboff|50px||50px|\u00bb border_radii_phone=\u00bboff|20px||20px|\u00bb border_radii_last_edited=\u00bbon|phone\u00bb box_shadow_style=\u00bbpreset2&#8243; box_shadow_horizontal=\u00bb80px\u00bb box_shadow_vertical=\u00bb80px\u00bb box_shadow_blur=\u00bb130px\u00bb box_shadow_color=\u00bbrgba(66,66,66,0.4)\u00bb global_colors_info=\u00bb{}\u00bb][\/et_pb_text][\/et_pb_column][\/et_pb_row][\/et_pb_section][et_pb_section fb_built=\u00bb1&#8243; admin_label=\u00bbOur Services\u00bb module_id=\u00bbcontent\u00bb _builder_version=\u00bb4.22.2&#8243; background_color=\u00bb#f9f6f5&#8243; custom_padding=\u00bb15px||15px||true|false\u00bb saved_tabs=\u00bball\u00bb locked=\u00bboff\u00bb global_colors_info=\u00bb{}\u00bb][et_pb_row custom_padding_last_edited=\u00bbon|desktop\u00bb _builder_version=\u00bb4.22.2&#8243; _module_preset=\u00bbdefault\u00bb custom_padding=\u00bb22px|150px||150px|false|true\u00bb custom_padding_tablet=\u00bb|10px||10px|false|true\u00bb custom_padding_phone=\u00bb|10px||10px|false|true\u00bb global_colors_info=\u00bb{}\u00bb][et_pb_column type=\u00bb4_4&#8243; _builder_version=\u00bb4.22.2&#8243; _module_preset=\u00bbdefault\u00bb global_colors_info=\u00bb{}\u00bb][et_pb_text _builder_version=\u00bb4.22.2&#8243; _module_preset=\u00bbdefault\u00bb background_size=\u00bbinitial\u00bb background_position=\u00bbtop_left\u00bb background_repeat=\u00bbrepeat\u00bb custom_padding=\u00bb||14px|||\u00bb global_colors_info=\u00bb{}\u00bb]<\/p>\n<p>Cada vez se habla m\u00e1s de determinadas realidades, pero un d\u00eda mundial suele ser un buen motivo para intensificar la informaci\u00f3n y la sensibilizaci\u00f3n. As\u00ed ocurri\u00f3 en torno al 2 de abril, cuando se celebraba el D\u00eda Mundial de Concienciaci\u00f3n sobre el Autismo.<\/p>\n<p>En sinton\u00eda con Autismo Espa\u00f1a y en paralelo con muchas entidades, aprovechamos la ocasi\u00f3n para realizar una gran labor de difusi\u00f3n, incidiendo en las dificultades que encuentran las personas autistas y la necesidad de que los apoyos sean estables y adaptados a cada una de ellas.<\/p>\n<p>Porque hay que recordar que al hablar de autismo, hablamos de TEA, hablamos de un trastorno altamente heterog\u00e9neo. Se diferencian tres niveles de apoyo en funci\u00f3n de la intensidad de las necesidades de la persona autista, pero dentro de cada nivel, cada persona es \u00fanica.<\/p>\n<p>Parece muy obvio, pero a menudo se olvida. Como tambi\u00e9n se olvida que personas ubicadas en los niveles 2 y 3, requieren apoyo sustancial o muy sustancial a lo largo de toda la vida. Un apoyo \u00a0que entidades como Autisme GURU pueden brindar, siempre que tengan recursos suficientes.<\/p>\n<p>En Autisme Guru ofrecemos atenci\u00f3n personalizada a<strong> personas autistas de alta complejidad.<\/strong> Invertir en recursos para atender a estos perfiles m\u00e1s complejos tiene un notable impacto social, contribuye a la eficacia del gasto p\u00fablico y la colaboraci\u00f3n privada, y ayuda a hacer m\u00e1s efectivos los derechos de estas personas.<\/p>\n<p style=\"text-align: justify;\">\n<p>\u00a0<strong>Colabora<\/strong><\/p>\n<p>Nos queda mucho por hacer. Celebrar el <a href=\"diamundialautismo.com\">D\u00eda Mundial de Concienciaci\u00f3n sobre el Autismo<\/a> es un paso. Contribuye a dar visibilidad a las personas autistas. Pero no es suficiente. Como dice el Manifiesto <em>\u00abesta visibilidad debe traducirse en derechos, recursos y cambios reales en la vida de las personas\u00bb<\/em>. Si quieres ayudarnos a pasar de la visibilidad al cambio, colabora con nosotros. Puedes hacerlo desde este <strong><a href=\"https:\/\/fundacioguru.cat\/es\/colabora\/\">enlace.<\/a><\/strong><\/p>\n<p><strong><\/strong><\/p>\n<p><strong><\/strong><\/p>\n<p><strong><\/strong><\/p>\n<p>[\/et_pb_text][\/et_pb_column][\/et_pb_row][\/et_pb_section][et_pb_section fb_built=\u00bb1&#8243; custom_padding_last_edited=\u00bbon|desktop\u00bb admin_label=\u00bbSecci\u00f3n\u00bb _builder_version=\u00bb4.22.2&#8243; background_color=\u00bb#ffffff\u00bb background_image=\u00bbhttps:\/\/fundacioguru.cat\/wp-content\/uploads\/2016\/11\/intro.jpg\u00bb custom_padding=\u00bb8px||0px|\u00bb custom_padding_tablet=\u00bb50px|0|50px|0&#8243; custom_padding_phone=\u00bb50px|0|50px|0&#8243; transparent_background=\u00bboff\u00bb padding_mobile=\u00bboff\u00bb make_fullwidth=\u00bboff\u00bb use_custom_width=\u00bboff\u00bb width_unit=\u00bbon\u00bb locked=\u00bboff\u00bb global_colors_info=\u00bb{}\u00bb][\/et_pb_section][et_pb_section fb_built=\u00bb1&#8243; admin_label=\u00bbOur Services\u00bb module_id=\u00bbcontent\u00bb _builder_version=\u00bb4.22.2&#8243; background_color=\u00bb#f9f6f5&#8243; custom_padding=\u00bb15px||0px||false|false\u00bb saved_tabs=\u00bball\u00bb locked=\u00bboff\u00bb global_colors_info=\u00bb{}\u00bb][\/et_pb_section]<\/p>\n","protected":false},"excerpt":{"rendered":"<p>Cada vez se habla m\u00e1s de determinadas realidades, pero un d\u00eda mundial suele ser un buen motivo para intensificar la informaci\u00f3n y la sensibilizaci\u00f3n. As\u00ed ocurri\u00f3 en torno al 2 de abril, cuando se celebraba el D\u00eda Mundial de Concienciaci\u00f3n sobre el Autismo. En sinton\u00eda con Autismo Espa\u00f1a y en paralelo con muchas entidades, aprovechamos [&hellip;]<\/p>\n","protected":false},"author":1,"featured_media":2504,"comment_status":"open","ping_status":"open","sticky":false,"template":"","format":"standard","meta":{"_et_pb_use_builder":"on","_et_pb_old_content":"","_et_gb_content_width":"","footnotes":""},"categories":[25,22],"tags":[39],"class_list":["post-2503","post","type-post","status-publish","format-standard","has-post-thumbnail","hentry","category-escola-educacio-especial-guru","category-fundacio-guru","tag-autisme-alta-complexitat"],"_links":{"self":[{"href":"https:\/\/fundacioguru.cat\/es\/wp-json\/wp\/v2\/posts\/2503","targetHints":{"allow":["GET"]}}],"collection":[{"href":"https:\/\/fundacioguru.cat\/es\/wp-json\/wp\/v2\/posts"}],"about":[{"href":"https:\/\/fundacioguru.cat\/es\/wp-json\/wp\/v2\/types\/post"}],"author":[{"embeddable":true,"href":"https:\/\/fundacioguru.cat\/es\/wp-json\/wp\/v2\/users\/1"}],"replies":[{"embeddable":true,"href":"https:\/\/fundacioguru.cat\/es\/wp-json\/wp\/v2\/comments?post=2503"}],"version-history":[{"count":2,"href":"https:\/\/fundacioguru.cat\/es\/wp-json\/wp\/v2\/posts\/2503\/revisions"}],"predecessor-version":[{"id":2507,"href":"https:\/\/fundacioguru.cat\/es\/wp-json\/wp\/v2\/posts\/2503\/revisions\/2507"}],"wp:featuredmedia":[{"embeddable":true,"href":"https:\/\/fundacioguru.cat\/es\/wp-json\/wp\/v2\/media\/2504"}],"wp:attachment":[{"href":"https:\/\/fundacioguru.cat\/es\/wp-json\/wp\/v2\/media?parent=2503"}],"wp:term":[{"taxonomy":"category","embeddable":true,"href":"https:\/\/fundacioguru.cat\/es\/wp-json\/wp\/v2\/categories?post=2503"},{"taxonomy":"post_tag","embeddable":true,"href":"https:\/\/fundacioguru.cat\/es\/wp-json\/wp\/v2\/tags?post=2503"}],"curies":[{"name":"wp","href":"https:\/\/api.w.org\/{rel}","templated":true}]}}